{"id":490,"date":"2021-03-16T10:34:55","date_gmt":"2021-03-16T09:34:55","guid":{"rendered":"https:\/\/www.etiquette-ruban.fr\/blog-creatif\/?p=490"},"modified":"2021-03-16T11:35:29","modified_gmt":"2021-03-16T10:35:29","slug":"tutoriel-gratuit-coudre-un-bonnet-turban-pour-les-tout-petits","status":"publish","type":"post","link":"https:\/\/www.etiquette-ruban.fr\/blog-creatif\/tutoriel-gratuit-coudre-un-bonnet-turban-pour-les-tout-petits\/","title":{"rendered":"Tutoriel Gratuit: coudre un bonnet turban pour les tout-petits"},"content":{"rendered":"\n<figure class=\"wp-block-image size-large\"><img loading=\"lazy\" width=\"800\" height=\"400\" src=\"https:\/\/www.etiquette-ruban.fr\/blog-creatif\/wp-content\/uploads\/2021\/03\/Banner-Turban-Mutze-nahen-k.jpg\" alt=\"\" class=\"wp-image-491\" srcset=\"https:\/\/www.etiquette-ruban.fr\/blog-creatif\/wp-content\/uploads\/2021\/03\/Banner-Turban-Mutze-nahen-k.jpg 800w, https:\/\/www.etiquette-ruban.fr\/blog-creatif\/wp-content\/uploads\/2021\/03\/Banner-Turban-Mutze-nahen-k-300x150.jpg 300w, https:\/\/www.etiquette-ruban.fr\/blog-creatif\/wp-content\/uploads\/2021\/03\/Banner-Turban-Mutze-nahen-k-768x384.jpg 768w\" sizes=\"(max-width: 800px) 100vw, 800px\" \/><\/figure>\n\n\n\n<p>Ils sont tout simplement adorables, ces superbes bonnets-turban pour les b\u00e9b\u00e9s et les tout-petits\u00a0! R\u00e9alis\u00e9s en jersey, ils sont confortables \u00e0 porter, et indispensables surtout par temps frais. Gr\u00e2ce \u00e0 notre tutoriel gratuit, nous vous montrons comment r\u00e9aliser vous-m\u00eame ce joli bonnet.<\/p>\n\n\n\n<!--more-->\n\n\n\n<p><strong>Taille: 44<\/strong><\/p>\n\n\n\n<h2><strong><u>Mat\u00e9riel<\/u><\/strong>:<\/h2>\n\n\n\n<ul><li>Jersey (ca. 30cm x 80cm)<\/li><li><a href=\"https:\/\/www.etiquette-ruban.fr\/etiquette-textile-tissee-avec-ecriture?p=1\">\u00c9tiquette textile tiss\u00e9e avec texte<\/a><br><\/li><\/ul>\n\n\n\n<h2><strong><u>Outillage<\/u><\/strong>:<\/h2>\n\n\n\n<ul><li>Paire de ciseaux<\/li><li>Craie<\/li><li>Epingles, ou pincettes<\/li><li>Machine \u00e0 coudre<\/li><li>\u00c9ventuellement, pied \u00e0 surjet (overlock).<\/li><\/ul>\n\n\n\n<h4><a href=\"https:\/\/www.etiquette-ruban.fr\/blog-creatif\/wp-content\/uploads\/2021\/03\/FR-Schnittmuster-Turbanmutze-Teil1.pdf\">T\u00e9l\u00e9charger \u2013 Patron partie 1<\/a><\/h4>\n\n\n\n<h4><span class=\"has-inline-color has-luminous-vivid-orange-color\"><a href=\"https:\/\/www.etiquette-ruban.fr\/blog-creatif\/wp-content\/uploads\/2021\/03\/FR-Schnittmuster-Turbanmutze-Teil2.pdf\">T\u00e9l\u00e9charger \u2013 Patron partie 2<\/a><\/span><\/h4>\n\n\n\n<p><strong>Etape 1:<\/strong><\/p>\n\n\n\n<p>Imprimer les patrons et les d\u00e9couper.<\/p>\n\n\n\n<h3><strong>Etape 2:<\/strong><\/h3>\n\n\n\n<p>Positionner chaque patron sur le tissu pli\u00e9 en deux et d\u00e9couper avec une marge de couture de 0.5 \u00e0 1 cm. A faire 2 fois pour le bonnet, 2 fois pour le noeud et 1 fois pour le bandeau.<\/p>\n\n\n\n<figure class=\"wp-block-image size-large\"><img loading=\"lazy\" width=\"450\" height=\"300\" src=\"https:\/\/www.etiquette-ruban.fr\/blog-creatif\/wp-content\/uploads\/2021\/03\/Bild-1.jpg\" alt=\"\" class=\"wp-image-492\" srcset=\"https:\/\/www.etiquette-ruban.fr\/blog-creatif\/wp-content\/uploads\/2021\/03\/Bild-1.jpg 450w, https:\/\/www.etiquette-ruban.fr\/blog-creatif\/wp-content\/uploads\/2021\/03\/Bild-1-300x200.jpg 300w, https:\/\/www.etiquette-ruban.fr\/blog-creatif\/wp-content\/uploads\/2021\/03\/Bild-1-390x261.jpg 390w\" sizes=\"(max-width: 450px) 100vw, 450px\" \/><\/figure>\n\n\n\n<h3><strong>Etape 3:<\/strong><\/h3>\n\n\n\n<p>Positionner les morceaux&nbsp; pour le bonnet et le noeud l\u2019un sur l\u2019autre, endroit contre endroit et les fixer \u00e0 l\u2019aide d\u2019\u00e9pingle.Faire de m\u00eame en pliant le bandeau en deux.<\/p>\n\n\n\n<figure class=\"wp-block-image size-large\"><img loading=\"lazy\" width=\"450\" height=\"300\" src=\"https:\/\/www.etiquette-ruban.fr\/blog-creatif\/wp-content\/uploads\/2021\/03\/Bild-2.jpg\" alt=\"\" class=\"wp-image-493\" srcset=\"https:\/\/www.etiquette-ruban.fr\/blog-creatif\/wp-content\/uploads\/2021\/03\/Bild-2.jpg 450w, https:\/\/www.etiquette-ruban.fr\/blog-creatif\/wp-content\/uploads\/2021\/03\/Bild-2-300x200.jpg 300w, https:\/\/www.etiquette-ruban.fr\/blog-creatif\/wp-content\/uploads\/2021\/03\/Bild-2-390x261.jpg 390w\" sizes=\"(max-width: 450px) 100vw, 450px\" \/><\/figure>\n\n\n\n<h3><strong>Etape 4:<\/strong><\/h3>\n\n\n\n<p>Coudre le bonnet le long de la marge de couture. <strong>Attention! <\/strong>Veiller \u00e0 laisser une ouverture de 2 cm pour le noeud et faire un point d\u2019arr\u00eat (voir patron)!<\/p>\n\n\n\n<p>Ensuite, surfilez les bords, soit avec l\u2018Overlock, soit avec un point \u00e9lastique.<\/p>\n\n\n\n<figure class=\"wp-block-image size-large\"><img loading=\"lazy\" width=\"450\" height=\"300\" src=\"https:\/\/www.etiquette-ruban.fr\/blog-creatif\/wp-content\/uploads\/2021\/03\/Beitragsbild-Offnung-fur-Schleife-nahen.jpg\" alt=\"\" class=\"wp-image-494\" srcset=\"https:\/\/www.etiquette-ruban.fr\/blog-creatif\/wp-content\/uploads\/2021\/03\/Beitragsbild-Offnung-fur-Schleife-nahen.jpg 450w, https:\/\/www.etiquette-ruban.fr\/blog-creatif\/wp-content\/uploads\/2021\/03\/Beitragsbild-Offnung-fur-Schleife-nahen-300x200.jpg 300w, https:\/\/www.etiquette-ruban.fr\/blog-creatif\/wp-content\/uploads\/2021\/03\/Beitragsbild-Offnung-fur-Schleife-nahen-390x261.jpg 390w\" sizes=\"(max-width: 450px) 100vw, 450px\" \/><\/figure>\n\n\n\n<h3><strong>Etape 5:<\/strong><\/h3>\n\n\n\n<p>Prendre le bandea pli\u00e9 et \u00e9pingl\u00e9 pr\u00e9c\u00e9demment Coudre le petit c\u00f4t\u00e9.<\/p>\n\n\n\n<figure class=\"wp-block-image size-large\"><img loading=\"lazy\" width=\"450\" height=\"300\" src=\"https:\/\/www.etiquette-ruban.fr\/blog-creatif\/wp-content\/uploads\/2021\/03\/Bild-4.jpg\" alt=\"\" class=\"wp-image-495\" srcset=\"https:\/\/www.etiquette-ruban.fr\/blog-creatif\/wp-content\/uploads\/2021\/03\/Bild-4.jpg 450w, https:\/\/www.etiquette-ruban.fr\/blog-creatif\/wp-content\/uploads\/2021\/03\/Bild-4-300x200.jpg 300w, https:\/\/www.etiquette-ruban.fr\/blog-creatif\/wp-content\/uploads\/2021\/03\/Bild-4-390x261.jpg 390w\" sizes=\"(max-width: 450px) 100vw, 450px\" \/><\/figure>\n\n\n\n<h3><strong>Etape 6:<\/strong><\/h3>\n\n\n\n<p>Replier le bandeau sur la longueur de telle sorte que les grands bords se supperposent. L\u2019endroit est visible. Epingler, puis surfiler les bords, soit avec l\u2018Overlock, soit avec un point \u00e9lastique.<\/p>\n\n\n\n<figure class=\"wp-block-image size-large\"><img loading=\"lazy\" width=\"450\" height=\"300\" src=\"https:\/\/www.etiquette-ruban.fr\/blog-creatif\/wp-content\/uploads\/2021\/03\/Bild-5.jpg\" alt=\"\" class=\"wp-image-496\" srcset=\"https:\/\/www.etiquette-ruban.fr\/blog-creatif\/wp-content\/uploads\/2021\/03\/Bild-5.jpg 450w, https:\/\/www.etiquette-ruban.fr\/blog-creatif\/wp-content\/uploads\/2021\/03\/Bild-5-300x200.jpg 300w, https:\/\/www.etiquette-ruban.fr\/blog-creatif\/wp-content\/uploads\/2021\/03\/Bild-5-390x261.jpg 390w\" sizes=\"(max-width: 450px) 100vw, 450px\" \/><\/figure>\n\n\n\n<h3><strong>Etape 7:<\/strong><\/h3>\n\n\n\n<p>La circonf\u00e9rence du bandeau est effectivement plus petite que celle du bonnet!<\/p>\n\n\n\n<p>Utiliser 4 pinces (ou \u00e9pingles) pour faire 4 marques \u00e0 \u00e9gales distances l\u2019une de l\u2019autre sur le bandeau et sur le bonnet. Pour ce faire, plier le bandeau bien \u00e0 plat et positionner une \u00e9pingle sur la couture et une sur le c\u00f4t\u00e9 oppos\u00e9. Ensuite, en veillant \u00e0 ce que les deux \u00e9pingles soient bien superpos\u00e9es, mettre une \u00e9pingle sur le pli \u00e0 gauche et \u00e0 droite. R\u00e9p\u00e9ter l\u2019op\u00e9ration pour le bonnet.<\/p>\n\n\n\n<p>Pour finir, placer le bandeau \u00e0 l\u2019int\u00e9rieur du bonnet (positionner la couture verticale du bandeau en face de celle de l\u2019arri\u00e8re du bonnet), faire correspondre chaque \u00e9pingle du bandeau avec celle du bonnet et fixer les deux pi\u00e8ces ensemble en rempla\u00e7ant les deux \u00e9pingles par une seule. Coudre les deux pi\u00e8ces ensemble.<\/p>\n\n\n\n<p><strong>Astuce<\/strong>: au moment de coudre, \u00e9tirer l\u00e9g\u00e9rement le bandeau, pour bien l\u2019ajuster au bonnet.<\/p>\n\n\n\n<figure class=\"wp-block-image size-large\"><img loading=\"lazy\" width=\"450\" height=\"300\" src=\"https:\/\/www.etiquette-ruban.fr\/blog-creatif\/wp-content\/uploads\/2021\/03\/Bild-6.jpg\" alt=\"\" class=\"wp-image-497\" srcset=\"https:\/\/www.etiquette-ruban.fr\/blog-creatif\/wp-content\/uploads\/2021\/03\/Bild-6.jpg 450w, https:\/\/www.etiquette-ruban.fr\/blog-creatif\/wp-content\/uploads\/2021\/03\/Bild-6-300x200.jpg 300w, https:\/\/www.etiquette-ruban.fr\/blog-creatif\/wp-content\/uploads\/2021\/03\/Bild-6-390x261.jpg 390w\" sizes=\"(max-width: 450px) 100vw, 450px\" \/><\/figure>\n\n\n\n<h3><strong>Etape 8:<\/strong><\/h3>\n\n\n\n<p>Positionner les 2 pi\u00e8ces pour le noeud, endroit contre endroit, \u00e9pingler et coudre.<\/p>\n\n\n\n<p>Ne pas oublier de laisser une ouverture pour pouvoir retourner le noeud! &nbsp;R\u00e9duire l\u00e9g\u00e9rement la marge de couture avec les ciseaux. Retourner le noeud et fermer l\u2019ouverture \u00e0 la main. Pour finir, repassez le noeud.<\/p>\n\n\n\n<figure class=\"wp-block-image size-large\"><img loading=\"lazy\" width=\"450\" height=\"300\" src=\"https:\/\/www.etiquette-ruban.fr\/blog-creatif\/wp-content\/uploads\/2021\/03\/Bild-7.jpg\" alt=\"\" class=\"wp-image-498\" srcset=\"https:\/\/www.etiquette-ruban.fr\/blog-creatif\/wp-content\/uploads\/2021\/03\/Bild-7.jpg 450w, https:\/\/www.etiquette-ruban.fr\/blog-creatif\/wp-content\/uploads\/2021\/03\/Bild-7-300x200.jpg 300w, https:\/\/www.etiquette-ruban.fr\/blog-creatif\/wp-content\/uploads\/2021\/03\/Bild-7-390x261.jpg 390w\" sizes=\"(max-width: 450px) 100vw, 450px\" \/><\/figure>\n\n\n\n<h3><strong>Etape 9:<\/strong><\/h3>\n\n\n\n<p>Passer le noeud par l\u2019ouverture dans le bonnet et le nouer autour du bandeau. Schleife von unten durch die \u00d6ffnung der M\u00fctze ziehen und einen Knoten binden.<\/p>\n\n\n\n<figure class=\"wp-block-image size-large\"><img loading=\"lazy\" width=\"450\" height=\"300\" src=\"https:\/\/www.etiquette-ruban.fr\/blog-creatif\/wp-content\/uploads\/2021\/03\/Bild-8.jpg\" alt=\"\" class=\"wp-image-499\" srcset=\"https:\/\/www.etiquette-ruban.fr\/blog-creatif\/wp-content\/uploads\/2021\/03\/Bild-8.jpg 450w, https:\/\/www.etiquette-ruban.fr\/blog-creatif\/wp-content\/uploads\/2021\/03\/Bild-8-300x200.jpg 300w, https:\/\/www.etiquette-ruban.fr\/blog-creatif\/wp-content\/uploads\/2021\/03\/Bild-8-390x261.jpg 390w\" sizes=\"(max-width: 450px) 100vw, 450px\" \/><\/figure>\n\n\n\n<h3><strong>Etape 10:<\/strong><\/h3>\n\n\n\n<p>Pour parachever votre ouvrage, une superbe <a href=\"https:\/\/www.etiquette-ruban.fr\/etiquette-textile-pret-a-emporter\">\u00e9tiquette de notre collection d\u2019\u00e9tiquettes pr\u00eates<\/a> \u00e0 l\u2019emploi peut appos\u00e9e sur le bonnet. Avec cette \u00e9tiquette, vous apportez non seulement une touche d\u00e9corative suppl\u00e9mentaire \u00e0 votre bonnet, mais vous montrez aussi qu\u2019il est &#8220;faite maison&#8221; !<\/p>\n\n\n\n<p>Votre joli bonnet turban fait maison est pr\u00eat!<\/p>\n\n\n\n<figure class=\"wp-block-image size-large\"><img loading=\"lazy\" width=\"450\" height=\"300\" src=\"https:\/\/www.etiquette-ruban.fr\/blog-creatif\/wp-content\/uploads\/2021\/03\/Bild-9.jpg\" alt=\"\" class=\"wp-image-500\" srcset=\"https:\/\/www.etiquette-ruban.fr\/blog-creatif\/wp-content\/uploads\/2021\/03\/Bild-9.jpg 450w, https:\/\/www.etiquette-ruban.fr\/blog-creatif\/wp-content\/uploads\/2021\/03\/Bild-9-300x200.jpg 300w, https:\/\/www.etiquette-ruban.fr\/blog-creatif\/wp-content\/uploads\/2021\/03\/Bild-9-390x261.jpg 390w\" sizes=\"(max-width: 450px) 100vw, 450px\" \/><\/figure>\n\n\n\n<p>Nous vous souhaitons de prendre beaucoup de plaisir \u00e0 coudre ce bonnet!<\/p>\n","protected":false},"excerpt":{"rendered":"<p>Ils sont tout simplement adorables, ces superbes bonnets-turban pour les b\u00e9b\u00e9s et les tout-petits\u00a0! R\u00e9alis\u00e9s en jersey, ils sont confortables \u00e0 porter, et indispensables surtout par temps frais. Gr\u00e2ce \u00e0 <a class=\"more-link\" href=\"https:\/\/www.etiquette-ruban.fr\/blog-creatif\/tutoriel-gratuit-coudre-un-bonnet-turban-pour-les-tout-petits\/\">Continue Reading \u2192<\/a><\/p>\n","protected":false},"author":5,"featured_media":0,"comment_status":"open","ping_status":"open","sticky":false,"template":"","format":"standard","meta":[],"categories":[1,30],"tags":[46,25,45],"yoast_head":"<!-- This site is optimized with the Yoast SEO plugin v18.4.1 - https:\/\/yoast.com\/wordpress\/plugins\/seo\/ -->\n<title>Tutoriel Gratuit: coudre un bonnet turban pour les tout-petits - Le blog cr\u00e9atif de etiquette-ruban.fr<\/title>\n<meta name=\"description\" content=\"Qu\u2019ils sont mignons ces bonnets-turban \u00e0 coudre soi-m\u00eame ! Gr\u00e2ce \u00e0 nos instructions et patrons gratuits, nous vous montrons \u00e0 quel point il est facile de coudre ce bonnet pour b\u00e9b\u00e9s ou jeunes enfants.\" \/>\n<meta name=\"robots\" content=\"index, follow, max-snippet:-1, max-image-preview:large, max-video-preview:-1\" \/>\n<link rel=\"canonical\" href=\"https:\/\/www.etiquette-ruban.fr\/blog-creatif\/tutoriel-gratuit-coudre-un-bonnet-turban-pour-les-tout-petits\/\" \/>\n<meta property=\"og:locale\" content=\"de_DE\" \/>\n<meta property=\"og:type\" content=\"article\" \/>\n<meta property=\"og:title\" content=\"Tutoriel Gratuit: coudre un bonnet turban pour les tout-petits - Le blog cr\u00e9atif de etiquette-ruban.fr\" \/>\n<meta property=\"og:description\" content=\"Qu\u2019ils sont mignons ces bonnets-turban \u00e0 coudre soi-m\u00eame ! Gr\u00e2ce \u00e0 nos instructions et patrons gratuits, nous vous montrons \u00e0 quel point il est facile de coudre ce bonnet pour b\u00e9b\u00e9s ou jeunes enfants.\" \/>\n<meta property=\"og:url\" content=\"https:\/\/www.etiquette-ruban.fr\/blog-creatif\/tutoriel-gratuit-coudre-un-bonnet-turban-pour-les-tout-petits\/\" \/>\n<meta property=\"og:site_name\" content=\"Le blog cr\u00e9atif de etiquette-ruban.fr\" \/>\n<meta property=\"article:author\" content=\"https:\/\/www.facebook.com\/etiquetterubanFR\" \/>\n<meta property=\"article:published_time\" content=\"2021-03-16T09:34:55+00:00\" \/>\n<meta property=\"article:modified_time\" content=\"2021-03-16T10:35:29+00:00\" \/>\n<meta property=\"og:image\" content=\"https:\/\/www.etiquette-ruban.fr\/blog-creatif\/wp-content\/uploads\/2021\/03\/Banner-Turban-Mutze-nahen-k.jpg\" \/>\n<meta name=\"twitter:card\" content=\"summary_large_image\" \/>\n<meta name=\"twitter:label1\" content=\"Written by\" \/>\n\t<meta name=\"twitter:data1\" content=\"Petra Beck\" \/>\n\t<meta name=\"twitter:label2\" content=\"Est. reading time\" \/>\n\t<meta name=\"twitter:data2\" content=\"3 Minuten\" \/>\n<script type=\"application\/ld+json\" class=\"yoast-schema-graph\">{\"@context\":\"https:\/\/schema.org\",\"@graph\":[{\"@type\":\"WebSite\",\"@id\":\"https:\/\/fr.namensbaender.de\/blog-creatif\/#website\",\"url\":\"https:\/\/fr.namensbaender.de\/blog-creatif\/\",\"name\":\"Le blog cr\u00e9atif de etiquette-ruban.fr\",\"description\":\"\u00c9tiquettes textiles personnalis\u00e9es et rubans cadeaux\",\"potentialAction\":[{\"@type\":\"SearchAction\",\"target\":{\"@type\":\"EntryPoint\",\"urlTemplate\":\"https:\/\/fr.namensbaender.de\/blog-creatif\/?s={search_term_string}\"},\"query-input\":\"required name=search_term_string\"}],\"inLanguage\":\"de-AT\"},{\"@type\":\"ImageObject\",\"@id\":\"https:\/\/www.etiquette-ruban.fr\/blog-creatif\/tutoriel-gratuit-coudre-un-bonnet-turban-pour-les-tout-petits\/#primaryimage\",\"inLanguage\":\"de-AT\",\"url\":\"https:\/\/www.etiquette-ruban.fr\/blog-creatif\/wp-content\/uploads\/2021\/03\/Banner-Turban-Mutze-nahen-k.jpg\",\"contentUrl\":\"https:\/\/www.etiquette-ruban.fr\/blog-creatif\/wp-content\/uploads\/2021\/03\/Banner-Turban-Mutze-nahen-k.jpg\",\"width\":800,\"height\":400},{\"@type\":\"WebPage\",\"@id\":\"https:\/\/www.etiquette-ruban.fr\/blog-creatif\/tutoriel-gratuit-coudre-un-bonnet-turban-pour-les-tout-petits\/#webpage\",\"url\":\"https:\/\/www.etiquette-ruban.fr\/blog-creatif\/tutoriel-gratuit-coudre-un-bonnet-turban-pour-les-tout-petits\/\",\"name\":\"Tutoriel Gratuit: coudre un bonnet turban pour les tout-petits - Le blog cr\u00e9atif de etiquette-ruban.fr\",\"isPartOf\":{\"@id\":\"https:\/\/fr.namensbaender.de\/blog-creatif\/#website\"},\"primaryImageOfPage\":{\"@id\":\"https:\/\/www.etiquette-ruban.fr\/blog-creatif\/tutoriel-gratuit-coudre-un-bonnet-turban-pour-les-tout-petits\/#primaryimage\"},\"datePublished\":\"2021-03-16T09:34:55+00:00\",\"dateModified\":\"2021-03-16T10:35:29+00:00\",\"author\":{\"@id\":\"https:\/\/fr.namensbaender.de\/blog-creatif\/#\/schema\/person\/b7d961f43fe40c15e087c7d8bfbf4f6a\"},\"description\":\"Qu\u2019ils sont mignons ces bonnets-turban \u00e0 coudre soi-m\u00eame ! Gr\u00e2ce \u00e0 nos instructions et patrons gratuits, nous vous montrons \u00e0 quel point il est facile de coudre ce bonnet pour b\u00e9b\u00e9s ou jeunes enfants.\",\"breadcrumb\":{\"@id\":\"https:\/\/www.etiquette-ruban.fr\/blog-creatif\/tutoriel-gratuit-coudre-un-bonnet-turban-pour-les-tout-petits\/#breadcrumb\"},\"inLanguage\":\"de-AT\",\"potentialAction\":[{\"@type\":\"ReadAction\",\"target\":[\"https:\/\/www.etiquette-ruban.fr\/blog-creatif\/tutoriel-gratuit-coudre-un-bonnet-turban-pour-les-tout-petits\/\"]}]},{\"@type\":\"BreadcrumbList\",\"@id\":\"https:\/\/www.etiquette-ruban.fr\/blog-creatif\/tutoriel-gratuit-coudre-un-bonnet-turban-pour-les-tout-petits\/#breadcrumb\",\"itemListElement\":[{\"@type\":\"ListItem\",\"position\":1,\"name\":\"Startseite\",\"item\":\"https:\/\/fr.namensbaender.de\/blog-creatif\/\"},{\"@type\":\"ListItem\",\"position\":2,\"name\":\"Tutoriel Gratuit: coudre un bonnet turban pour les tout-petits\"}]},{\"@type\":\"Person\",\"@id\":\"https:\/\/fr.namensbaender.de\/blog-creatif\/#\/schema\/person\/b7d961f43fe40c15e087c7d8bfbf4f6a\",\"name\":\"Petra Beck\",\"image\":{\"@type\":\"ImageObject\",\"@id\":\"https:\/\/fr.namensbaender.de\/blog-creatif\/#personlogo\",\"inLanguage\":\"de-AT\",\"url\":\"https:\/\/secure.gravatar.com\/avatar\/574ed126504b9b3df85adf06fc02e1f1?s=96&d=mm&r=g\",\"contentUrl\":\"https:\/\/secure.gravatar.com\/avatar\/574ed126504b9b3df85adf06fc02e1f1?s=96&d=mm&r=g\",\"caption\":\"Petra Beck\"},\"sameAs\":[\"https:\/\/www.etiquette-ruban.fr\/\",\"https:\/\/www.facebook.com\/etiquetterubanFR\",\"https:\/\/www.instagram.com\/etiquette_ruban\/\",\"https:\/\/www.pinterest.de\/etiquette_ruban\/\"],\"url\":\"https:\/\/www.etiquette-ruban.fr\/blog-creatif\/author\/petra\/\"}]}<\/script>\n<!-- \/ Yoast SEO plugin. -->","yoast_head_json":{"title":"Tutoriel Gratuit: coudre un bonnet turban pour les tout-petits - Le blog cr\u00e9atif de etiquette-ruban.fr","description":"Qu\u2019ils sont mignons ces bonnets-turban \u00e0 coudre soi-m\u00eame ! Gr\u00e2ce \u00e0 nos instructions et patrons gratuits, nous vous montrons \u00e0 quel point il est facile de coudre ce bonnet pour b\u00e9b\u00e9s ou jeunes enfants.","robots":{"index":"index","follow":"follow","max-snippet":"max-snippet:-1","max-image-preview":"max-image-preview:large","max-video-preview":"max-video-preview:-1"},"canonical":"https:\/\/www.etiquette-ruban.fr\/blog-creatif\/tutoriel-gratuit-coudre-un-bonnet-turban-pour-les-tout-petits\/","og_locale":"de_DE","og_type":"article","og_title":"Tutoriel Gratuit: coudre un bonnet turban pour les tout-petits - Le blog cr\u00e9atif de etiquette-ruban.fr","og_description":"Qu\u2019ils sont mignons ces bonnets-turban \u00e0 coudre soi-m\u00eame ! Gr\u00e2ce \u00e0 nos instructions et patrons gratuits, nous vous montrons \u00e0 quel point il est facile de coudre ce bonnet pour b\u00e9b\u00e9s ou jeunes enfants.","og_url":"https:\/\/www.etiquette-ruban.fr\/blog-creatif\/tutoriel-gratuit-coudre-un-bonnet-turban-pour-les-tout-petits\/","og_site_name":"Le blog cr\u00e9atif de etiquette-ruban.fr","article_author":"https:\/\/www.facebook.com\/etiquetterubanFR","article_published_time":"2021-03-16T09:34:55+00:00","article_modified_time":"2021-03-16T10:35:29+00:00","og_image":[{"url":"https:\/\/www.etiquette-ruban.fr\/blog-creatif\/wp-content\/uploads\/2021\/03\/Banner-Turban-Mutze-nahen-k.jpg"}],"twitter_card":"summary_large_image","twitter_misc":{"Written by":"Petra Beck","Est. reading time":"3 Minuten"},"schema":{"@context":"https:\/\/schema.org","@graph":[{"@type":"WebSite","@id":"https:\/\/fr.namensbaender.de\/blog-creatif\/#website","url":"https:\/\/fr.namensbaender.de\/blog-creatif\/","name":"Le blog cr\u00e9atif de etiquette-ruban.fr","description":"\u00c9tiquettes textiles personnalis\u00e9es et rubans cadeaux","potentialAction":[{"@type":"SearchAction","target":{"@type":"EntryPoint","urlTemplate":"https:\/\/fr.namensbaender.de\/blog-creatif\/?s={search_term_string}"},"query-input":"required name=search_term_string"}],"inLanguage":"de-AT"},{"@type":"ImageObject","@id":"https:\/\/www.etiquette-ruban.fr\/blog-creatif\/tutoriel-gratuit-coudre-un-bonnet-turban-pour-les-tout-petits\/#primaryimage","inLanguage":"de-AT","url":"https:\/\/www.etiquette-ruban.fr\/blog-creatif\/wp-content\/uploads\/2021\/03\/Banner-Turban-Mutze-nahen-k.jpg","contentUrl":"https:\/\/www.etiquette-ruban.fr\/blog-creatif\/wp-content\/uploads\/2021\/03\/Banner-Turban-Mutze-nahen-k.jpg","width":800,"height":400},{"@type":"WebPage","@id":"https:\/\/www.etiquette-ruban.fr\/blog-creatif\/tutoriel-gratuit-coudre-un-bonnet-turban-pour-les-tout-petits\/#webpage","url":"https:\/\/www.etiquette-ruban.fr\/blog-creatif\/tutoriel-gratuit-coudre-un-bonnet-turban-pour-les-tout-petits\/","name":"Tutoriel Gratuit: coudre un bonnet turban pour les tout-petits - Le blog cr\u00e9atif de etiquette-ruban.fr","isPartOf":{"@id":"https:\/\/fr.namensbaender.de\/blog-creatif\/#website"},"primaryImageOfPage":{"@id":"https:\/\/www.etiquette-ruban.fr\/blog-creatif\/tutoriel-gratuit-coudre-un-bonnet-turban-pour-les-tout-petits\/#primaryimage"},"datePublished":"2021-03-16T09:34:55+00:00","dateModified":"2021-03-16T10:35:29+00:00","author":{"@id":"https:\/\/fr.namensbaender.de\/blog-creatif\/#\/schema\/person\/b7d961f43fe40c15e087c7d8bfbf4f6a"},"description":"Qu\u2019ils sont mignons ces bonnets-turban \u00e0 coudre soi-m\u00eame ! Gr\u00e2ce \u00e0 nos instructions et patrons gratuits, nous vous montrons \u00e0 quel point il est facile de coudre ce bonnet pour b\u00e9b\u00e9s ou jeunes enfants.","breadcrumb":{"@id":"https:\/\/www.etiquette-ruban.fr\/blog-creatif\/tutoriel-gratuit-coudre-un-bonnet-turban-pour-les-tout-petits\/#breadcrumb"},"inLanguage":"de-AT","potentialAction":[{"@type":"ReadAction","target":["https:\/\/www.etiquette-ruban.fr\/blog-creatif\/tutoriel-gratuit-coudre-un-bonnet-turban-pour-les-tout-petits\/"]}]},{"@type":"BreadcrumbList","@id":"https:\/\/www.etiquette-ruban.fr\/blog-creatif\/tutoriel-gratuit-coudre-un-bonnet-turban-pour-les-tout-petits\/#breadcrumb","itemListElement":[{"@type":"ListItem","position":1,"name":"Startseite","item":"https:\/\/fr.namensbaender.de\/blog-creatif\/"},{"@type":"ListItem","position":2,"name":"Tutoriel Gratuit: coudre un bonnet turban pour les tout-petits"}]},{"@type":"Person","@id":"https:\/\/fr.namensbaender.de\/blog-creatif\/#\/schema\/person\/b7d961f43fe40c15e087c7d8bfbf4f6a","name":"Petra Beck","image":{"@type":"ImageObject","@id":"https:\/\/fr.namensbaender.de\/blog-creatif\/#personlogo","inLanguage":"de-AT","url":"https:\/\/secure.gravatar.com\/avatar\/574ed126504b9b3df85adf06fc02e1f1?s=96&d=mm&r=g","contentUrl":"https:\/\/secure.gravatar.com\/avatar\/574ed126504b9b3df85adf06fc02e1f1?s=96&d=mm&r=g","caption":"Petra Beck"},"sameAs":["https:\/\/www.etiquette-ruban.fr\/","https:\/\/www.facebook.com\/etiquetterubanFR","https:\/\/www.instagram.com\/etiquette_ruban\/","https:\/\/www.pinterest.de\/etiquette_ruban\/"],"url":"https:\/\/www.etiquette-ruban.fr\/blog-creatif\/author\/petra\/"}]}},"_links":{"self":[{"href":"https:\/\/www.etiquette-ruban.fr\/blog-creatif\/wp-json\/wp\/v2\/posts\/490"}],"collection":[{"href":"https:\/\/www.etiquette-ruban.fr\/blog-creatif\/wp-json\/wp\/v2\/posts"}],"about":[{"href":"https:\/\/www.etiquette-ruban.fr\/blog-creatif\/wp-json\/wp\/v2\/types\/post"}],"author":[{"embeddable":true,"href":"https:\/\/www.etiquette-ruban.fr\/blog-creatif\/wp-json\/wp\/v2\/users\/5"}],"replies":[{"embeddable":true,"href":"https:\/\/www.etiquette-ruban.fr\/blog-creatif\/wp-json\/wp\/v2\/comments?post=490"}],"version-history":[{"count":7,"href":"https:\/\/www.etiquette-ruban.fr\/blog-creatif\/wp-json\/wp\/v2\/posts\/490\/revisions"}],"predecessor-version":[{"id":510,"href":"https:\/\/www.etiquette-ruban.fr\/blog-creatif\/wp-json\/wp\/v2\/posts\/490\/revisions\/510"}],"wp:attachment":[{"href":"https:\/\/www.etiquette-ruban.fr\/blog-creatif\/wp-json\/wp\/v2\/media?parent=490"}],"wp:term":[{"taxonomy":"category","embeddable":true,"href":"https:\/\/www.etiquette-ruban.fr\/blog-creatif\/wp-json\/wp\/v2\/categories?post=490"},{"taxonomy":"post_tag","embeddable":true,"href":"https:\/\/www.etiquette-ruban.fr\/blog-creatif\/wp-json\/wp\/v2\/tags?post=490"}],"curies":[{"name":"wp","href":"https:\/\/api.w.org\/{rel}","templated":true}]}}